{"id":1937,"date":"2024-02-07T17:54:22","date_gmt":"2024-02-07T16:54:22","guid":{"rendered":"https:\/\/aivp-rufenacht-prize.org\/?p=1937"},"modified":"2024-03-20T15:35:15","modified_gmt":"2024-03-20T14:35:15","slug":"francois-kern-architect-and-urban-designer-member-of-the-expert-committee","status":"publish","type":"post","link":"https:\/\/aivp-rufenacht-prize.org\/en\/francois-kern-architect-and-urban-designer-member-of-the-expert-committee\/","title":{"rendered":"Fran\u00e7ois KERN, Architect and urban designer, member of the Expert panel"},"content":{"rendered":"\n<h2 class=\"wp-block-heading\">A specialist in the development of port city interfaces<\/h2>\n\n\n\n<p>Fran\u00e7ois Kern est le fondateur d\u2019une agence fran\u00e7aise d\u2019Architecture et d\u2019Urbanisme , Kern + associ\u00e9s, qu\u2019il dirige avec ses associ\u00e9s Anne Lacazio et Matthieu Mercinier depuis 2004.<\/p>\n\n\n\n<p>As an active and historic member of the AIVP, he was quick to embrace the themes of large scale and landscape in his work; He has also taken a strong interest in areas that are often ignored in architectural thinking, such as industrial port areas: <em>\u201cOur objective is to reflect on urban port interfaces and to think about the mutations of the cities and towns along the coast. The question of territorial sharing and the study of time-shared areas is a theme dear to our workshop. The future will be founded on the relationships that are maintained between territories\u201d<\/em>.<\/p>\n\n\n\n<p>The realized projects of Kern + associ\u00e9s are located in Lyon, Calais, La Rochelle, Brest, Hy\u00e8res, Toulon, Lorient, Porto Vecchio (France), and in other places in the world as Hobart (Australia), Bahia Blanca (Argentina), Bata (Equatorial Guinea), and Thessaloniki (Greece).<\/p>\n\n\n\n<h2 class=\"wp-block-heading\">The transformation of the port city interface in Marseille: one of the flagship projects of Kern + associates<\/h2>\n\n\n\n<p>In Marseille, Kern + associates worked alongside Yves Lion, architect, and urban designer, on the project to recover the north shore of Marseille. The objective was to link the city and the port, set the scene for the components of the site (accesses and esplanades), and create new living spaces at the port city interface. These port-city spaces, handed over in 2013, have revealed Marseille to the whole world in a new light. <strong>Among its most outstanding achievements, the Cit\u00e9 de la M\u00e9diterran\u00e9e and the Boulevard du Littoral won the 2015 Mipim Awards for the best international urban regeneration project, and the 2014 Urbanism Awards<\/strong>.<\/p>\n\n\n\n<blockquote class=\"wp-block-quote is-layout-flow wp-block-quote-is-layout-flow\">\n<p>We&#8217;ve been working on urban and port areas in France and abroad for thirty years. I remember my meeting with Antoine Rufenacht in Sydney in 2006. I am very honored to participate in this prize&#8217;s work.<\/p>\n<cite>Fran\u00e7ois Kern, about the AIVP Prize Antoine Rufenacht<\/cite><\/blockquote>\n\n\n\n<ul class=\"wp-block-social-links is-layout-flex wp-block-social-links-is-layout-flex\"><li class=\"wp-social-link wp-social-link-linkedin  wp-block-social-link\"><a href=\"https:\/\/fr.linkedin.com\/company\/kern-et-associes-sarl-d-architecture-et-d-urbanisme\" class=\"wp-block-social-link-anchor\"><svg width=\"24\" height=\"24\" viewBox=\"0 0 24 24\" version=\"1.1\" xmlns=\"http:\/\/www.w3.org\/2000\/svg\" aria-hidden=\"true\" focusable=\"false\"><path d=\"M19.7,3H4.3C3.582,3,3,3.582,3,4.3v15.4C3,20.418,3.582,21,4.3,21h15.4c0.718,0,1.3-0.582,1.3-1.3V4.3 C21,3.582,20.418,3,19.7,3z M8.339,18.338H5.667v-8.59h2.672V18.338z M7.004,8.574c-0.857,0-1.549-0.694-1.549-1.548 c0-0.855,0.691-1.548,1.549-1.548c0.854,0,1.547,0.694,1.547,1.548C8.551,7.881,7.858,8.574,7.004,8.574z M18.339,18.338h-2.669 v-4.177c0-0.996-0.017-2.278-1.387-2.278c-1.389,0-1.601,1.086-1.601,2.206v4.249h-2.667v-8.59h2.559v1.174h0.037 c0.356-0.675,1.227-1.387,2.526-1.387c2.703,0,3.203,1.779,3.203,4.092V18.338z\"><\/path><\/svg><span class=\"wp-block-social-link-label screen-reader-text\">LinkedIn<\/span><\/a><\/li><\/ul>\n","protected":false},"excerpt":{"rendered":"<p>A specialist in the development of port city interfaces Fran\u00e7ois Kern est le fondateur d\u2019une agence fran\u00e7aise d\u2019Architecture et d\u2019Urbanisme [&hellip;]<\/p>\n","protected":false},"author":4,"featured_media":2028,"comment_status":"open","ping_status":"open","sticky":false,"template":"","format":"standard","meta":{"_acf_changed":false,"footnotes":""},"categories":[33],"tags":[],"class_list":["post-1937","post","type-post","status-publish","format-standard","has-post-thumbnail","hentry","category-grand-jury"],"acf":[],"yoast_head":"<!-- This site is optimized with the Yoast SEO plugin v25.8 - https:\/\/yoast.com\/wordpress\/plugins\/seo\/ -->\n<title>Fran\u00e7ois KERN, Architect and urban designer, member of the Expert panel - Aivp Rufenacht prize<\/title>\n<meta name=\"robots\" content=\"index, follow, max-snippet:-1, max-image-preview:large, max-video-preview:-1\" \/>\n<link rel=\"canonical\" href=\"https:\/\/aivp-rufenacht-prize.org\/en\/francois-kern-architect-and-urban-designer-member-of-the-expert-committee\/\" \/>\n<meta property=\"og:locale\" content=\"en_US\" \/>\n<meta property=\"og:type\" content=\"article\" \/>\n<meta property=\"og:title\" content=\"Fran\u00e7ois KERN, Architect and urban designer, member of the Expert panel - Aivp Rufenacht prize\" \/>\n<meta property=\"og:description\" content=\"A specialist in the development of port city interfaces Fran\u00e7ois Kern est le fondateur d\u2019une agence fran\u00e7aise d\u2019Architecture et d\u2019Urbanisme [&hellip;]\" \/>\n<meta property=\"og:url\" content=\"https:\/\/aivp-rufenacht-prize.org\/en\/francois-kern-architect-and-urban-designer-member-of-the-expert-committee\/\" \/>\n<meta property=\"og:site_name\" content=\"Aivp Rufenacht prize\" \/>\n<meta property=\"article:published_time\" content=\"2024-02-07T16:54:22+00:00\" \/>\n<meta property=\"article:modified_time\" content=\"2024-03-20T14:35:15+00:00\" \/>\n<meta property=\"og:image\" content=\"https:\/\/aivp-rufenacht-prize.org\/wp-content\/uploads\/2024\/02\/aivp-Francois-Kern.png\" \/>\n\t<meta property=\"og:image:width\" content=\"300\" \/>\n\t<meta property=\"og:image:height\" content=\"200\" \/>\n\t<meta property=\"og:image:type\" content=\"image\/png\" \/>\n<meta name=\"author\" content=\"Lucile Audievre\" \/>\n<meta name=\"twitter:card\" content=\"summary_large_image\" \/>\n<meta name=\"twitter:label1\" content=\"Written by\" \/>\n\t<meta name=\"twitter:data1\" content=\"Lucile Audievre\" \/>\n\t<meta name=\"twitter:label2\" content=\"Est. reading time\" \/>\n\t<meta name=\"twitter:data2\" content=\"2 minutes\" \/>\n<script type=\"application\/ld+json\" class=\"yoast-schema-graph\">{\"@context\":\"https:\/\/schema.org\",\"@graph\":[{\"@type\":\"Article\",\"@id\":\"https:\/\/aivp-rufenacht-prize.org\/en\/francois-kern-architect-and-urban-designer-member-of-the-expert-committee\/#article\",\"isPartOf\":{\"@id\":\"https:\/\/aivp-rufenacht-prize.org\/en\/francois-kern-architect-and-urban-designer-member-of-the-expert-committee\/\"},\"author\":{\"name\":\"Lucile Audievre\",\"@id\":\"https:\/\/aivp-rufenacht-prize.org\/#\/schema\/person\/0c5ecd34004c1ed78f15a56e6f36b182\"},\"headline\":\"Fran\u00e7ois KERN, Architect and urban designer, member of the Expert panel\",\"datePublished\":\"2024-02-07T16:54:22+00:00\",\"dateModified\":\"2024-03-20T14:35:15+00:00\",\"mainEntityOfPage\":{\"@id\":\"https:\/\/aivp-rufenacht-prize.org\/en\/francois-kern-architect-and-urban-designer-member-of-the-expert-committee\/\"},\"wordCount\":359,\"commentCount\":0,\"publisher\":{\"@id\":\"https:\/\/aivp-rufenacht-prize.org\/#organization\"},\"image\":{\"@id\":\"https:\/\/aivp-rufenacht-prize.org\/en\/francois-kern-architect-and-urban-designer-member-of-the-expert-committee\/#primaryimage\"},\"thumbnailUrl\":\"https:\/\/aivp-rufenacht-prize.org\/wp-content\/uploads\/2024\/02\/aivp-Francois-Kern.png\",\"articleSection\":[\"Grand Jury\"],\"inLanguage\":\"en-US\"},{\"@type\":\"WebPage\",\"@id\":\"https:\/\/aivp-rufenacht-prize.org\/en\/francois-kern-architect-and-urban-designer-member-of-the-expert-committee\/\",\"url\":\"https:\/\/aivp-rufenacht-prize.org\/en\/francois-kern-architect-and-urban-designer-member-of-the-expert-committee\/\",\"name\":\"Fran\u00e7ois KERN, Architect and urban designer, member of the Expert panel - Aivp Rufenacht prize\",\"isPartOf\":{\"@id\":\"https:\/\/aivp-rufenacht-prize.org\/#website\"},\"primaryImageOfPage\":{\"@id\":\"https:\/\/aivp-rufenacht-prize.org\/en\/francois-kern-architect-and-urban-designer-member-of-the-expert-committee\/#primaryimage\"},\"image\":{\"@id\":\"https:\/\/aivp-rufenacht-prize.org\/en\/francois-kern-architect-and-urban-designer-member-of-the-expert-committee\/#primaryimage\"},\"thumbnailUrl\":\"https:\/\/aivp-rufenacht-prize.org\/wp-content\/uploads\/2024\/02\/aivp-Francois-Kern.png\",\"datePublished\":\"2024-02-07T16:54:22+00:00\",\"dateModified\":\"2024-03-20T14:35:15+00:00\",\"breadcrumb\":{\"@id\":\"https:\/\/aivp-rufenacht-prize.org\/en\/francois-kern-architect-and-urban-designer-member-of-the-expert-committee\/#breadcrumb\"},\"inLanguage\":\"en-US\",\"potentialAction\":[{\"@type\":\"ReadAction\",\"target\":[\"https:\/\/aivp-rufenacht-prize.org\/en\/francois-kern-architect-and-urban-designer-member-of-the-expert-committee\/\"]}]},{\"@type\":\"ImageObject\",\"inLanguage\":\"en-US\",\"@id\":\"https:\/\/aivp-rufenacht-prize.org\/en\/francois-kern-architect-and-urban-designer-member-of-the-expert-committee\/#primaryimage\",\"url\":\"https:\/\/aivp-rufenacht-prize.org\/wp-content\/uploads\/2024\/02\/aivp-Francois-Kern.png\",\"contentUrl\":\"https:\/\/aivp-rufenacht-prize.org\/wp-content\/uploads\/2024\/02\/aivp-Francois-Kern.png\",\"width\":300,\"height\":200},{\"@type\":\"BreadcrumbList\",\"@id\":\"https:\/\/aivp-rufenacht-prize.org\/en\/francois-kern-architect-and-urban-designer-member-of-the-expert-committee\/#breadcrumb\",\"itemListElement\":[{\"@type\":\"ListItem\",\"position\":1,\"name\":\"Home\",\"item\":\"https:\/\/aivp-rufenacht-prize.org\/en\/\"},{\"@type\":\"ListItem\",\"position\":2,\"name\":\"Grand Jury\",\"item\":\"https:\/\/aivp-rufenacht-prize.org\/en\/category\/grand-jury\/\"},{\"@type\":\"ListItem\",\"position\":3,\"name\":\"Fran\u00e7ois KERN, Architect and urban designer, member of the Expert panel\"}]},{\"@type\":\"WebSite\",\"@id\":\"https:\/\/aivp-rufenacht-prize.org\/#website\",\"url\":\"https:\/\/aivp-rufenacht-prize.org\/\",\"name\":\"Aivp Rufenacht prize\",\"description\":\"\",\"publisher\":{\"@id\":\"https:\/\/aivp-rufenacht-prize.org\/#organization\"},\"potentialAction\":[{\"@type\":\"SearchAction\",\"target\":{\"@type\":\"EntryPoint\",\"urlTemplate\":\"https:\/\/aivp-rufenacht-prize.org\/?s={search_term_string}\"},\"query-input\":{\"@type\":\"PropertyValueSpecification\",\"valueRequired\":true,\"valueName\":\"search_term_string\"}}],\"inLanguage\":\"en-US\"},{\"@type\":\"Organization\",\"@id\":\"https:\/\/aivp-rufenacht-prize.org\/#organization\",\"name\":\"Aivp Antoine Rufenacht\",\"url\":\"https:\/\/aivp-rufenacht-prize.org\/\",\"logo\":{\"@type\":\"ImageObject\",\"inLanguage\":\"en-US\",\"@id\":\"https:\/\/aivp-rufenacht-prize.org\/#\/schema\/logo\/image\/\",\"url\":\"https:\/\/aivp-rufenacht-prize.org\/wp-content\/uploads\/2023\/11\/logo-prix-antoine-rufenachte.svg\",\"contentUrl\":\"https:\/\/aivp-rufenacht-prize.org\/wp-content\/uploads\/2023\/11\/logo-prix-antoine-rufenachte.svg\",\"width\":1,\"height\":1,\"caption\":\"Aivp Antoine Rufenacht\"},\"image\":{\"@id\":\"https:\/\/aivp-rufenacht-prize.org\/#\/schema\/logo\/image\/\"}},{\"@type\":\"Person\",\"@id\":\"https:\/\/aivp-rufenacht-prize.org\/#\/schema\/person\/0c5ecd34004c1ed78f15a56e6f36b182\",\"name\":\"Lucile Audievre\",\"image\":{\"@type\":\"ImageObject\",\"inLanguage\":\"en-US\",\"@id\":\"https:\/\/aivp-rufenacht-prize.org\/#\/schema\/person\/image\/\",\"url\":\"https:\/\/secure.gravatar.com\/avatar\/ecb7bcde2148bbd4aeda0ba887685d49f7c07a736eea95c1a0eb3ca059d72dc1?s=96&d=https%3A%2F%2Faivp-rufenacht-prize.org%2Fwp-content%2Fthemes%2Faivp%2Fimages%2Fdefault_avatar.png&r=g\",\"contentUrl\":\"https:\/\/secure.gravatar.com\/avatar\/ecb7bcde2148bbd4aeda0ba887685d49f7c07a736eea95c1a0eb3ca059d72dc1?s=96&d=https%3A%2F%2Faivp-rufenacht-prize.org%2Fwp-content%2Fthemes%2Faivp%2Fimages%2Fdefault_avatar.png&r=g\",\"caption\":\"Lucile Audievre\"},\"url\":\"https:\/\/aivp-rufenacht-prize.org\/en\/author\/lucile-audievre\/\"}]}<\/script>\n<!-- \/ Yoast SEO plugin. -->","yoast_head_json":{"title":"Fran\u00e7ois KERN, Architect and urban designer, member of the Expert panel - Aivp Rufenacht prize","robots":{"index":"index","follow":"follow","max-snippet":"max-snippet:-1","max-image-preview":"max-image-preview:large","max-video-preview":"max-video-preview:-1"},"canonical":"https:\/\/aivp-rufenacht-prize.org\/en\/francois-kern-architect-and-urban-designer-member-of-the-expert-committee\/","og_locale":"en_US","og_type":"article","og_title":"Fran\u00e7ois KERN, Architect and urban designer, member of the Expert panel - Aivp Rufenacht prize","og_description":"A specialist in the development of port city interfaces Fran\u00e7ois Kern est le fondateur d\u2019une agence fran\u00e7aise d\u2019Architecture et d\u2019Urbanisme [&hellip;]","og_url":"https:\/\/aivp-rufenacht-prize.org\/en\/francois-kern-architect-and-urban-designer-member-of-the-expert-committee\/","og_site_name":"Aivp Rufenacht prize","article_published_time":"2024-02-07T16:54:22+00:00","article_modified_time":"2024-03-20T14:35:15+00:00","og_image":[{"width":300,"height":200,"url":"https:\/\/aivp-rufenacht-prize.org\/wp-content\/uploads\/2024\/02\/aivp-Francois-Kern.png","type":"image\/png"}],"author":"Lucile Audievre","twitter_card":"summary_large_image","twitter_misc":{"Written by":"Lucile Audievre","Est. reading time":"2 minutes"},"schema":{"@context":"https:\/\/schema.org","@graph":[{"@type":"Article","@id":"https:\/\/aivp-rufenacht-prize.org\/en\/francois-kern-architect-and-urban-designer-member-of-the-expert-committee\/#article","isPartOf":{"@id":"https:\/\/aivp-rufenacht-prize.org\/en\/francois-kern-architect-and-urban-designer-member-of-the-expert-committee\/"},"author":{"name":"Lucile Audievre","@id":"https:\/\/aivp-rufenacht-prize.org\/#\/schema\/person\/0c5ecd34004c1ed78f15a56e6f36b182"},"headline":"Fran\u00e7ois KERN, Architect and urban designer, member of the Expert panel","datePublished":"2024-02-07T16:54:22+00:00","dateModified":"2024-03-20T14:35:15+00:00","mainEntityOfPage":{"@id":"https:\/\/aivp-rufenacht-prize.org\/en\/francois-kern-architect-and-urban-designer-member-of-the-expert-committee\/"},"wordCount":359,"commentCount":0,"publisher":{"@id":"https:\/\/aivp-rufenacht-prize.org\/#organization"},"image":{"@id":"https:\/\/aivp-rufenacht-prize.org\/en\/francois-kern-architect-and-urban-designer-member-of-the-expert-committee\/#primaryimage"},"thumbnailUrl":"https:\/\/aivp-rufenacht-prize.org\/wp-content\/uploads\/2024\/02\/aivp-Francois-Kern.png","articleSection":["Grand Jury"],"inLanguage":"en-US"},{"@type":"WebPage","@id":"https:\/\/aivp-rufenacht-prize.org\/en\/francois-kern-architect-and-urban-designer-member-of-the-expert-committee\/","url":"https:\/\/aivp-rufenacht-prize.org\/en\/francois-kern-architect-and-urban-designer-member-of-the-expert-committee\/","name":"Fran\u00e7ois KERN, Architect and urban designer, member of the Expert panel - Aivp Rufenacht prize","isPartOf":{"@id":"https:\/\/aivp-rufenacht-prize.org\/#website"},"primaryImageOfPage":{"@id":"https:\/\/aivp-rufenacht-prize.org\/en\/francois-kern-architect-and-urban-designer-member-of-the-expert-committee\/#primaryimage"},"image":{"@id":"https:\/\/aivp-rufenacht-prize.org\/en\/francois-kern-architect-and-urban-designer-member-of-the-expert-committee\/#primaryimage"},"thumbnailUrl":"https:\/\/aivp-rufenacht-prize.org\/wp-content\/uploads\/2024\/02\/aivp-Francois-Kern.png","datePublished":"2024-02-07T16:54:22+00:00","dateModified":"2024-03-20T14:35:15+00:00","breadcrumb":{"@id":"https:\/\/aivp-rufenacht-prize.org\/en\/francois-kern-architect-and-urban-designer-member-of-the-expert-committee\/#breadcrumb"},"inLanguage":"en-US","potentialAction":[{"@type":"ReadAction","target":["https:\/\/aivp-rufenacht-prize.org\/en\/francois-kern-architect-and-urban-designer-member-of-the-expert-committee\/"]}]},{"@type":"ImageObject","inLanguage":"en-US","@id":"https:\/\/aivp-rufenacht-prize.org\/en\/francois-kern-architect-and-urban-designer-member-of-the-expert-committee\/#primaryimage","url":"https:\/\/aivp-rufenacht-prize.org\/wp-content\/uploads\/2024\/02\/aivp-Francois-Kern.png","contentUrl":"https:\/\/aivp-rufenacht-prize.org\/wp-content\/uploads\/2024\/02\/aivp-Francois-Kern.png","width":300,"height":200},{"@type":"BreadcrumbList","@id":"https:\/\/aivp-rufenacht-prize.org\/en\/francois-kern-architect-and-urban-designer-member-of-the-expert-committee\/#breadcrumb","itemListElement":[{"@type":"ListItem","position":1,"name":"Home","item":"https:\/\/aivp-rufenacht-prize.org\/en\/"},{"@type":"ListItem","position":2,"name":"Grand Jury","item":"https:\/\/aivp-rufenacht-prize.org\/en\/category\/grand-jury\/"},{"@type":"ListItem","position":3,"name":"Fran\u00e7ois KERN, Architect and urban designer, member of the Expert panel"}]},{"@type":"WebSite","@id":"https:\/\/aivp-rufenacht-prize.org\/#website","url":"https:\/\/aivp-rufenacht-prize.org\/","name":"Aivp Rufenacht prize","description":"","publisher":{"@id":"https:\/\/aivp-rufenacht-prize.org\/#organization"},"potentialAction":[{"@type":"SearchAction","target":{"@type":"EntryPoint","urlTemplate":"https:\/\/aivp-rufenacht-prize.org\/?s={search_term_string}"},"query-input":{"@type":"PropertyValueSpecification","valueRequired":true,"valueName":"search_term_string"}}],"inLanguage":"en-US"},{"@type":"Organization","@id":"https:\/\/aivp-rufenacht-prize.org\/#organization","name":"Aivp Antoine Rufenacht","url":"https:\/\/aivp-rufenacht-prize.org\/","logo":{"@type":"ImageObject","inLanguage":"en-US","@id":"https:\/\/aivp-rufenacht-prize.org\/#\/schema\/logo\/image\/","url":"https:\/\/aivp-rufenacht-prize.org\/wp-content\/uploads\/2023\/11\/logo-prix-antoine-rufenachte.svg","contentUrl":"https:\/\/aivp-rufenacht-prize.org\/wp-content\/uploads\/2023\/11\/logo-prix-antoine-rufenachte.svg","width":1,"height":1,"caption":"Aivp Antoine Rufenacht"},"image":{"@id":"https:\/\/aivp-rufenacht-prize.org\/#\/schema\/logo\/image\/"}},{"@type":"Person","@id":"https:\/\/aivp-rufenacht-prize.org\/#\/schema\/person\/0c5ecd34004c1ed78f15a56e6f36b182","name":"Lucile Audievre","image":{"@type":"ImageObject","inLanguage":"en-US","@id":"https:\/\/aivp-rufenacht-prize.org\/#\/schema\/person\/image\/","url":"https:\/\/secure.gravatar.com\/avatar\/ecb7bcde2148bbd4aeda0ba887685d49f7c07a736eea95c1a0eb3ca059d72dc1?s=96&d=https%3A%2F%2Faivp-rufenacht-prize.org%2Fwp-content%2Fthemes%2Faivp%2Fimages%2Fdefault_avatar.png&r=g","contentUrl":"https:\/\/secure.gravatar.com\/avatar\/ecb7bcde2148bbd4aeda0ba887685d49f7c07a736eea95c1a0eb3ca059d72dc1?s=96&d=https%3A%2F%2Faivp-rufenacht-prize.org%2Fwp-content%2Fthemes%2Faivp%2Fimages%2Fdefault_avatar.png&r=g","caption":"Lucile Audievre"},"url":"https:\/\/aivp-rufenacht-prize.org\/en\/author\/lucile-audievre\/"}]}},"_links":{"self":[{"href":"https:\/\/aivp-rufenacht-prize.org\/en\/wp-json\/wp\/v2\/posts\/1937","targetHints":{"allow":["GET"]}}],"collection":[{"href":"https:\/\/aivp-rufenacht-prize.org\/en\/wp-json\/wp\/v2\/posts"}],"about":[{"href":"https:\/\/aivp-rufenacht-prize.org\/en\/wp-json\/wp\/v2\/types\/post"}],"author":[{"embeddable":true,"href":"https:\/\/aivp-rufenacht-prize.org\/en\/wp-json\/wp\/v2\/users\/4"}],"replies":[{"embeddable":true,"href":"https:\/\/aivp-rufenacht-prize.org\/en\/wp-json\/wp\/v2\/comments?post=1937"}],"version-history":[{"count":3,"href":"https:\/\/aivp-rufenacht-prize.org\/en\/wp-json\/wp\/v2\/posts\/1937\/revisions"}],"predecessor-version":[{"id":2425,"href":"https:\/\/aivp-rufenacht-prize.org\/en\/wp-json\/wp\/v2\/posts\/1937\/revisions\/2425"}],"wp:featuredmedia":[{"embeddable":true,"href":"https:\/\/aivp-rufenacht-prize.org\/en\/wp-json\/wp\/v2\/media\/2028"}],"wp:attachment":[{"href":"https:\/\/aivp-rufenacht-prize.org\/en\/wp-json\/wp\/v2\/media?parent=1937"}],"wp:term":[{"taxonomy":"category","embeddable":true,"href":"https:\/\/aivp-rufenacht-prize.org\/en\/wp-json\/wp\/v2\/categories?post=1937"},{"taxonomy":"post_tag","embeddable":true,"href":"https:\/\/aivp-rufenacht-prize.org\/en\/wp-json\/wp\/v2\/tags?post=1937"}],"curies":[{"name":"wp","href":"https:\/\/api.w.org\/{rel}","templated":true}]}}